{"id":10402,"date":"2026-04-30T15:38:27","date_gmt":"2026-04-30T13:38:27","guid":{"rendered":"https:\/\/niezaleznyserwiskadr.pl\/?p=10402"},"modified":"2026-04-30T15:38:28","modified_gmt":"2026-04-30T13:38:28","slug":"konkurs-na-stanowisko-prezesa-mpgk","status":"publish","type":"post","link":"https:\/\/niezaleznyserwiskadr.pl\/?p=10402","title":{"rendered":"Konkurs na stanowisko prezesa MPGK"},"content":{"rendered":"\n<p>Rada Nadzorcza Miejskiego Przedsi\u0119biorstwa Gospodarki Komunalnej Sp. z o.o. og\u0142asza konkurs na stanowisko Prezesa Zarz\u0105du.<\/p>\n\n\n\n<p>Od kandydat\u00f3w wymagane jest:<\/p>\n\n\n\n<ul class=\"wp-block-list\">\n<li>wykszta\u0142cenie wy\u017csze,<\/li>\n\n\n\n<li>co najmniej 5 lat do\u015bwiadczenia zawodowego,<\/li>\n\n\n\n<li>minimum 3 lata do\u015bwiadczenia na stanowisku kierowniczym, samodzielnym lub w ramach prowadzenia w\u0142asnej dzia\u0142alno\u015bci gospodarczej.<\/li>\n<\/ul>\n\n\n\n<p>Dodatkowym atutem b\u0119d\u0105:<\/p>\n\n\n\n<ul class=\"wp-block-list\">\n<li>wykszta\u0142cenie magisterskie,<\/li>\n\n\n\n<li>wykszta\u0142cenie kierunkowe (np. zwi\u0105zane z ochron\u0105 \u015brodowiska),<\/li>\n\n\n\n<li>uko\u0144czone studia podyplomowe z zakresu zarz\u0105dzania,<\/li>\n\n\n\n<li>do\u015bwiadczenie w zarz\u0105dzaniu lub nadzorowaniu podmiot\u00f3w komunalnych.<\/li>\n<\/ul>\n\n\n\n<p>Wymagane dokumenty, tj. \u017cyciorys, list motywacyjny, o\u015bwiadczenia oraz kopie dyplom\u00f3w, nale\u017cy z\u0142o\u017cy\u0107 do dnia <strong>20 maja do godziny 15:00<\/strong> w sekretariacie Miejskiego Przedsi\u0119biorstwa Gospodarki Komunalnej Sp. z o.o. w Tarnowie (ul. Okr\u0119\u017cna 11, 33-100 Tarn\u00f3w) lub przes\u0142a\u0107 poczt\u0105 b\u0105d\u017a kurierem.<\/p>\n\n\n\n<p>Szczeg\u00f3\u0142owe informacje dotycz\u0105ce konkursu znajduj\u0105 si\u0119 w za\u0142\u0105czonych dokumentach. <a href=\"https:\/\/tarnow.pl\/content\/download\/408603\/file\/Og%C5%82oszenie%20o%20post%C4%99powaniu%20kwalifikacyjnym%20na%20stanowisko%20Prezesa%20Zarz%C4%85du.pdf\">Og\u0142oszenie o&nbsp;post\u0119powaniu kwalifikacyjnym na stanowisko Prezesa Zarz\u0105du.pdf<\/a>&nbsp;(398 kB)<\/p>\n\n\n\n<p><a href=\"https:\/\/tarnow.pl\/content\/download\/408602\/file\/O%C5%9Bwiadczenie%20kandydata%20na%20Prezesa%20Zarz%C4%85du.pdf\">O\u015bwiadczenie kandydata na Prezesa Zarz\u0105du.pdf<\/a>\u00a0(491 kB)<\/p>\n\n\n\n<p>Opracowano na podstawie informacji \u017ar\u00f3d\u0142owej UMT (M.Tarnowska)<\/p>\n","protected":false},"excerpt":{"rendered":"<p>Rada Nadzorcza Miejskiego Przedsi\u0119biorstwa Gospodarki Komunalnej Sp. z o.o. og\u0142asza konkurs na stanowisko Prezesa Zarz\u0105du.<\/p>\n","protected":false},"author":1,"featured_media":10403,"comment_status":"open","ping_status":"open","sticky":false,"template":"","format":"standard","meta":{"two_page_speed":[],"footnotes":""},"categories":[7,4],"tags":[4150,4149,1750],"class_list":["post-10402","post","type-post","status-publish","format-standard","has-post-thumbnail","hentry","category-co-gdzie-kiedy","category-miasto-tarnow","tag-informacje-i-kryteria","tag-konkurs-na-stanowisko-prezesa","tag-mpgk"],"yoast_head":"<!-- This site is optimized with the Yoast SEO plugin v27.2 - https:\/\/yoast.com\/product\/yoast-seo-wordpress\/ -->\n<title>Konkurs na stanowisko prezesa MPGK - Niezale\u017cny Serwis Informacyjny KADR<\/title>\n<meta name=\"robots\" content=\"index, follow, max-snippet:-1, max-image-preview:large, max-video-preview:-1\" \/>\n<link rel=\"canonical\" href=\"https:\/\/niezaleznyserwiskadr.pl\/?p=10402\" \/>\n<meta property=\"og:locale\" content=\"pl_PL\" \/>\n<meta property=\"og:type\" content=\"article\" \/>\n<meta property=\"og:title\" content=\"Konkurs na stanowisko prezesa MPGK - Niezale\u017cny Serwis Informacyjny KADR\" \/>\n<meta property=\"og:description\" content=\"Rada Nadzorcza Miejskiego Przedsi\u0119biorstwa Gospodarki Komunalnej Sp. z o.o. og\u0142asza konkurs na stanowisko Prezesa Zarz\u0105du.\" \/>\n<meta property=\"og:url\" content=\"https:\/\/niezaleznyserwiskadr.pl\/?p=10402\" \/>\n<meta property=\"og:site_name\" content=\"Niezale\u017cny Serwis Informacyjny KADR\" \/>\n<meta property=\"article:published_time\" content=\"2026-04-30T13:38:27+00:00\" \/>\n<meta property=\"article:modified_time\" content=\"2026-04-30T13:38:28+00:00\" \/>\n<meta property=\"og:image\" content=\"http:\/\/niezaleznyserwiskadr.pl\/wp-content\/uploads\/2026\/04\/siedziba-mpgk-min.png\" \/>\n\t<meta property=\"og:image:width\" content=\"693\" \/>\n\t<meta property=\"og:image:height\" content=\"497\" \/>\n\t<meta property=\"og:image:type\" content=\"image\/png\" \/>\n<meta name=\"author\" content=\"KadrTarnowAdmin\" \/>\n<meta name=\"twitter:card\" content=\"summary_large_image\" \/>\n<meta name=\"twitter:label1\" content=\"Napisane przez\" \/>\n\t<meta name=\"twitter:data1\" content=\"KadrTarnowAdmin\" \/>\n\t<meta name=\"twitter:label2\" content=\"Szacowany czas czytania\" \/>\n\t<meta name=\"twitter:data2\" content=\"2 minuty\" \/>\n<script type=\"application\/ld+json\" class=\"yoast-schema-graph\">{\"@context\":\"https:\/\/schema.org\",\"@graph\":[{\"@type\":\"Article\",\"@id\":\"https:\/\/niezaleznyserwiskadr.pl\/?p=10402#article\",\"isPartOf\":{\"@id\":\"https:\/\/niezaleznyserwiskadr.pl\/?p=10402\"},\"author\":{\"name\":\"KadrTarnowAdmin\",\"@id\":\"https:\/\/niezaleznyserwiskadr.pl\/#\/schema\/person\/165d6a957b0e32031e070d689b0ad4e5\"},\"headline\":\"Konkurs na stanowisko prezesa MPGK\",\"datePublished\":\"2026-04-30T13:38:27+00:00\",\"dateModified\":\"2026-04-30T13:38:28+00:00\",\"mainEntityOfPage\":{\"@id\":\"https:\/\/niezaleznyserwiskadr.pl\/?p=10402\"},\"wordCount\":185,\"commentCount\":0,\"publisher\":{\"@id\":\"https:\/\/niezaleznyserwiskadr.pl\/#organization\"},\"image\":{\"@id\":\"https:\/\/niezaleznyserwiskadr.pl\/?p=10402#primaryimage\"},\"thumbnailUrl\":\"https:\/\/niezaleznyserwiskadr.pl\/wp-content\/uploads\/2026\/04\/siedziba-mpgk-min.png\",\"keywords\":[\"Informacje i kryteria\",\"Konkurs na stanowisko prezesa\",\"MPGK\"],\"articleSection\":[\"Co, gdzie, kiedy?\",\"Miasto Tarn\u00f3w\"],\"inLanguage\":\"pl-PL\",\"potentialAction\":[{\"@type\":\"CommentAction\",\"name\":\"Comment\",\"target\":[\"https:\/\/niezaleznyserwiskadr.pl\/?p=10402#respond\"]}]},{\"@type\":\"WebPage\",\"@id\":\"https:\/\/niezaleznyserwiskadr.pl\/?p=10402\",\"url\":\"https:\/\/niezaleznyserwiskadr.pl\/?p=10402\",\"name\":\"Konkurs na stanowisko prezesa MPGK - Niezale\u017cny Serwis Informacyjny KADR\",\"isPartOf\":{\"@id\":\"https:\/\/niezaleznyserwiskadr.pl\/#website\"},\"primaryImageOfPage\":{\"@id\":\"https:\/\/niezaleznyserwiskadr.pl\/?p=10402#primaryimage\"},\"image\":{\"@id\":\"https:\/\/niezaleznyserwiskadr.pl\/?p=10402#primaryimage\"},\"thumbnailUrl\":\"https:\/\/niezaleznyserwiskadr.pl\/wp-content\/uploads\/2026\/04\/siedziba-mpgk-min.png\",\"datePublished\":\"2026-04-30T13:38:27+00:00\",\"dateModified\":\"2026-04-30T13:38:28+00:00\",\"breadcrumb\":{\"@id\":\"https:\/\/niezaleznyserwiskadr.pl\/?p=10402#breadcrumb\"},\"inLanguage\":\"pl-PL\",\"potentialAction\":[{\"@type\":\"ReadAction\",\"target\":[\"https:\/\/niezaleznyserwiskadr.pl\/?p=10402\"]}]},{\"@type\":\"ImageObject\",\"inLanguage\":\"pl-PL\",\"@id\":\"https:\/\/niezaleznyserwiskadr.pl\/?p=10402#primaryimage\",\"url\":\"https:\/\/niezaleznyserwiskadr.pl\/wp-content\/uploads\/2026\/04\/siedziba-mpgk-min.png\",\"contentUrl\":\"https:\/\/niezaleznyserwiskadr.pl\/wp-content\/uploads\/2026\/04\/siedziba-mpgk-min.png\",\"width\":693,\"height\":497},{\"@type\":\"BreadcrumbList\",\"@id\":\"https:\/\/niezaleznyserwiskadr.pl\/?p=10402#breadcrumb\",\"itemListElement\":[{\"@type\":\"ListItem\",\"position\":1,\"name\":\"Strona g\u0142\u00f3wna\",\"item\":\"https:\/\/niezaleznyserwiskadr.pl\/\"},{\"@type\":\"ListItem\",\"position\":2,\"name\":\"Konkurs na stanowisko prezesa MPGK\"}]},{\"@type\":\"WebSite\",\"@id\":\"https:\/\/niezaleznyserwiskadr.pl\/#website\",\"url\":\"https:\/\/niezaleznyserwiskadr.pl\/\",\"name\":\"Niezale\u017cny Serwis Informacyjny KADR\",\"description\":\"\",\"publisher\":{\"@id\":\"https:\/\/niezaleznyserwiskadr.pl\/#organization\"},\"potentialAction\":[{\"@type\":\"SearchAction\",\"target\":{\"@type\":\"EntryPoint\",\"urlTemplate\":\"https:\/\/niezaleznyserwiskadr.pl\/?s={search_term_string}\"},\"query-input\":{\"@type\":\"PropertyValueSpecification\",\"valueRequired\":true,\"valueName\":\"search_term_string\"}}],\"inLanguage\":\"pl-PL\"},{\"@type\":\"Organization\",\"@id\":\"https:\/\/niezaleznyserwiskadr.pl\/#organization\",\"name\":\"Niezale\u017cny Serwis Informacyjny KADR\",\"url\":\"https:\/\/niezaleznyserwiskadr.pl\/\",\"logo\":{\"@type\":\"ImageObject\",\"inLanguage\":\"pl-PL\",\"@id\":\"https:\/\/niezaleznyserwiskadr.pl\/#\/schema\/logo\/image\/\",\"url\":\"https:\/\/niezaleznyserwiskadr.pl\/wp-content\/uploads\/2023\/12\/cropped-KADRlogo.png\",\"contentUrl\":\"https:\/\/niezaleznyserwiskadr.pl\/wp-content\/uploads\/2023\/12\/cropped-KADRlogo.png\",\"width\":512,\"height\":512,\"caption\":\"Niezale\u017cny Serwis Informacyjny KADR\"},\"image\":{\"@id\":\"https:\/\/niezaleznyserwiskadr.pl\/#\/schema\/logo\/image\/\"}},{\"@type\":\"Person\",\"@id\":\"https:\/\/niezaleznyserwiskadr.pl\/#\/schema\/person\/165d6a957b0e32031e070d689b0ad4e5\",\"name\":\"KadrTarnowAdmin\",\"image\":{\"@type\":\"ImageObject\",\"inLanguage\":\"pl-PL\",\"@id\":\"https:\/\/secure.gravatar.com\/avatar\/07920d3a8a87a1244906610339084d8ee8c55dfce875096e7c372995fc3706a2?s=96&d=mm&r=g\",\"url\":\"https:\/\/secure.gravatar.com\/avatar\/07920d3a8a87a1244906610339084d8ee8c55dfce875096e7c372995fc3706a2?s=96&d=mm&r=g\",\"contentUrl\":\"https:\/\/secure.gravatar.com\/avatar\/07920d3a8a87a1244906610339084d8ee8c55dfce875096e7c372995fc3706a2?s=96&d=mm&r=g\",\"caption\":\"KadrTarnowAdmin\"},\"sameAs\":[\"http:\/\/niezaleznyserwiskadr.pl\"],\"url\":\"https:\/\/niezaleznyserwiskadr.pl\/?author=1\"}]}<\/script>\n<!-- \/ Yoast SEO plugin. -->","yoast_head_json":{"title":"Konkurs na stanowisko prezesa MPGK - Niezale\u017cny Serwis Informacyjny KADR","robots":{"index":"index","follow":"follow","max-snippet":"max-snippet:-1","max-image-preview":"max-image-preview:large","max-video-preview":"max-video-preview:-1"},"canonical":"https:\/\/niezaleznyserwiskadr.pl\/?p=10402","og_locale":"pl_PL","og_type":"article","og_title":"Konkurs na stanowisko prezesa MPGK - Niezale\u017cny Serwis Informacyjny KADR","og_description":"Rada Nadzorcza Miejskiego Przedsi\u0119biorstwa Gospodarki Komunalnej Sp. z o.o. og\u0142asza konkurs na stanowisko Prezesa Zarz\u0105du.","og_url":"https:\/\/niezaleznyserwiskadr.pl\/?p=10402","og_site_name":"Niezale\u017cny Serwis Informacyjny KADR","article_published_time":"2026-04-30T13:38:27+00:00","article_modified_time":"2026-04-30T13:38:28+00:00","og_image":[{"width":693,"height":497,"url":"http:\/\/niezaleznyserwiskadr.pl\/wp-content\/uploads\/2026\/04\/siedziba-mpgk-min.png","type":"image\/png"}],"author":"KadrTarnowAdmin","twitter_card":"summary_large_image","twitter_misc":{"Napisane przez":"KadrTarnowAdmin","Szacowany czas czytania":"2 minuty"},"schema":{"@context":"https:\/\/schema.org","@graph":[{"@type":"Article","@id":"https:\/\/niezaleznyserwiskadr.pl\/?p=10402#article","isPartOf":{"@id":"https:\/\/niezaleznyserwiskadr.pl\/?p=10402"},"author":{"name":"KadrTarnowAdmin","@id":"https:\/\/niezaleznyserwiskadr.pl\/#\/schema\/person\/165d6a957b0e32031e070d689b0ad4e5"},"headline":"Konkurs na stanowisko prezesa MPGK","datePublished":"2026-04-30T13:38:27+00:00","dateModified":"2026-04-30T13:38:28+00:00","mainEntityOfPage":{"@id":"https:\/\/niezaleznyserwiskadr.pl\/?p=10402"},"wordCount":185,"commentCount":0,"publisher":{"@id":"https:\/\/niezaleznyserwiskadr.pl\/#organization"},"image":{"@id":"https:\/\/niezaleznyserwiskadr.pl\/?p=10402#primaryimage"},"thumbnailUrl":"https:\/\/niezaleznyserwiskadr.pl\/wp-content\/uploads\/2026\/04\/siedziba-mpgk-min.png","keywords":["Informacje i kryteria","Konkurs na stanowisko prezesa","MPGK"],"articleSection":["Co, gdzie, kiedy?","Miasto Tarn\u00f3w"],"inLanguage":"pl-PL","potentialAction":[{"@type":"CommentAction","name":"Comment","target":["https:\/\/niezaleznyserwiskadr.pl\/?p=10402#respond"]}]},{"@type":"WebPage","@id":"https:\/\/niezaleznyserwiskadr.pl\/?p=10402","url":"https:\/\/niezaleznyserwiskadr.pl\/?p=10402","name":"Konkurs na stanowisko prezesa MPGK - Niezale\u017cny Serwis Informacyjny KADR","isPartOf":{"@id":"https:\/\/niezaleznyserwiskadr.pl\/#website"},"primaryImageOfPage":{"@id":"https:\/\/niezaleznyserwiskadr.pl\/?p=10402#primaryimage"},"image":{"@id":"https:\/\/niezaleznyserwiskadr.pl\/?p=10402#primaryimage"},"thumbnailUrl":"https:\/\/niezaleznyserwiskadr.pl\/wp-content\/uploads\/2026\/04\/siedziba-mpgk-min.png","datePublished":"2026-04-30T13:38:27+00:00","dateModified":"2026-04-30T13:38:28+00:00","breadcrumb":{"@id":"https:\/\/niezaleznyserwiskadr.pl\/?p=10402#breadcrumb"},"inLanguage":"pl-PL","potentialAction":[{"@type":"ReadAction","target":["https:\/\/niezaleznyserwiskadr.pl\/?p=10402"]}]},{"@type":"ImageObject","inLanguage":"pl-PL","@id":"https:\/\/niezaleznyserwiskadr.pl\/?p=10402#primaryimage","url":"https:\/\/niezaleznyserwiskadr.pl\/wp-content\/uploads\/2026\/04\/siedziba-mpgk-min.png","contentUrl":"https:\/\/niezaleznyserwiskadr.pl\/wp-content\/uploads\/2026\/04\/siedziba-mpgk-min.png","width":693,"height":497},{"@type":"BreadcrumbList","@id":"https:\/\/niezaleznyserwiskadr.pl\/?p=10402#breadcrumb","itemListElement":[{"@type":"ListItem","position":1,"name":"Strona g\u0142\u00f3wna","item":"https:\/\/niezaleznyserwiskadr.pl\/"},{"@type":"ListItem","position":2,"name":"Konkurs na stanowisko prezesa MPGK"}]},{"@type":"WebSite","@id":"https:\/\/niezaleznyserwiskadr.pl\/#website","url":"https:\/\/niezaleznyserwiskadr.pl\/","name":"Niezale\u017cny Serwis Informacyjny KADR","description":"","publisher":{"@id":"https:\/\/niezaleznyserwiskadr.pl\/#organization"},"potentialAction":[{"@type":"SearchAction","target":{"@type":"EntryPoint","urlTemplate":"https:\/\/niezaleznyserwiskadr.pl\/?s={search_term_string}"},"query-input":{"@type":"PropertyValueSpecification","valueRequired":true,"valueName":"search_term_string"}}],"inLanguage":"pl-PL"},{"@type":"Organization","@id":"https:\/\/niezaleznyserwiskadr.pl\/#organization","name":"Niezale\u017cny Serwis Informacyjny KADR","url":"https:\/\/niezaleznyserwiskadr.pl\/","logo":{"@type":"ImageObject","inLanguage":"pl-PL","@id":"https:\/\/niezaleznyserwiskadr.pl\/#\/schema\/logo\/image\/","url":"https:\/\/niezaleznyserwiskadr.pl\/wp-content\/uploads\/2023\/12\/cropped-KADRlogo.png","contentUrl":"https:\/\/niezaleznyserwiskadr.pl\/wp-content\/uploads\/2023\/12\/cropped-KADRlogo.png","width":512,"height":512,"caption":"Niezale\u017cny Serwis Informacyjny KADR"},"image":{"@id":"https:\/\/niezaleznyserwiskadr.pl\/#\/schema\/logo\/image\/"}},{"@type":"Person","@id":"https:\/\/niezaleznyserwiskadr.pl\/#\/schema\/person\/165d6a957b0e32031e070d689b0ad4e5","name":"KadrTarnowAdmin","image":{"@type":"ImageObject","inLanguage":"pl-PL","@id":"https:\/\/secure.gravatar.com\/avatar\/07920d3a8a87a1244906610339084d8ee8c55dfce875096e7c372995fc3706a2?s=96&d=mm&r=g","url":"https:\/\/secure.gravatar.com\/avatar\/07920d3a8a87a1244906610339084d8ee8c55dfce875096e7c372995fc3706a2?s=96&d=mm&r=g","contentUrl":"https:\/\/secure.gravatar.com\/avatar\/07920d3a8a87a1244906610339084d8ee8c55dfce875096e7c372995fc3706a2?s=96&d=mm&r=g","caption":"KadrTarnowAdmin"},"sameAs":["http:\/\/niezaleznyserwiskadr.pl"],"url":"https:\/\/niezaleznyserwiskadr.pl\/?author=1"}]}},"_links":{"self":[{"href":"https:\/\/niezaleznyserwiskadr.pl\/index.php?rest_route=\/wp\/v2\/posts\/10402","targetHints":{"allow":["GET"]}}],"collection":[{"href":"https:\/\/niezaleznyserwiskadr.pl\/index.php?rest_route=\/wp\/v2\/posts"}],"about":[{"href":"https:\/\/niezaleznyserwiskadr.pl\/index.php?rest_route=\/wp\/v2\/types\/post"}],"author":[{"embeddable":true,"href":"https:\/\/niezaleznyserwiskadr.pl\/index.php?rest_route=\/wp\/v2\/users\/1"}],"replies":[{"embeddable":true,"href":"https:\/\/niezaleznyserwiskadr.pl\/index.php?rest_route=%2Fwp%2Fv2%2Fcomments&post=10402"}],"version-history":[{"count":1,"href":"https:\/\/niezaleznyserwiskadr.pl\/index.php?rest_route=\/wp\/v2\/posts\/10402\/revisions"}],"predecessor-version":[{"id":10404,"href":"https:\/\/niezaleznyserwiskadr.pl\/index.php?rest_route=\/wp\/v2\/posts\/10402\/revisions\/10404"}],"wp:featuredmedia":[{"embeddable":true,"href":"https:\/\/niezaleznyserwiskadr.pl\/index.php?rest_route=\/wp\/v2\/media\/10403"}],"wp:attachment":[{"href":"https:\/\/niezaleznyserwiskadr.pl\/index.php?rest_route=%2Fwp%2Fv2%2Fmedia&parent=10402"}],"wp:term":[{"taxonomy":"category","embeddable":true,"href":"https:\/\/niezaleznyserwiskadr.pl\/index.php?rest_route=%2Fwp%2Fv2%2Fcategories&post=10402"},{"taxonomy":"post_tag","embeddable":true,"href":"https:\/\/niezaleznyserwiskadr.pl\/index.php?rest_route=%2Fwp%2Fv2%2Ftags&post=10402"}],"curies":[{"name":"wp","href":"https:\/\/api.w.org\/{rel}","templated":true}]}}